{"id":985,"date":"2017-09-10T21:54:40","date_gmt":"2017-09-10T19:54:40","guid":{"rendered":"http:\/\/onenakconsulting.com\/?p=985"},"modified":"2018-09-10T21:58:55","modified_gmt":"2018-09-10T19:58:55","slug":"infor-ln-10-x-como-las-agendas-colaborativas-mejoran-la-eficiencia-de-un-equipo","status":"publish","type":"post","link":"https:\/\/onenakconsulting.com\/index.php\/2017\/09\/10\/infor-ln-10-x-como-las-agendas-colaborativas-mejoran-la-eficiencia-de-un-equipo\/","title":{"rendered":"Infor LN 10.x &#8211; Como las agendas colaborativas mejoran la eficiencia de un equipo."},"content":{"rendered":"<div id=\"pl-985\"  class=\"panel-layout\" >\n<div id=\"pg-985-0\"  class=\"panel-grid panel-no-style\"  data-style=\"{&quot;background_image_attachment&quot;:false,&quot;background_display&quot;:&quot;tile&quot;,&quot;cell_alignment&quot;:&quot;flex-start&quot;}\"  data-ratio=\"1\"  data-ratio-direction=\"right\" >\n<div id=\"pgc-985-0-0\"  class=\"panel-grid-cell\"  data-weight=\"1\" >\n<div id=\"panel-985-0-0-0\" class=\"so-panel widget widget_thinkup_builder_headingtheme thinkup_builder_headingtheme panel-first-child panel-last-child\" data-index=\"0\" data-style=\"{&quot;background_image_attachment&quot;:false,&quot;background_display&quot;:&quot;tile&quot;}\" >[siteorigin_widget class=&#8221;thinkup_builder_headingtheme&#8221;]<input type=\"hidden\" value=\"{&quot;instance&quot;:{&quot;title&quot;:&quot;&quot;,&quot;heading_text&quot;:&quot;&lt;strong&gt;Infor LN 10.x - Como las agendas colaborativas mejoran la eficiencia de un equipo.&lt;\\\/strong&gt;&quot;,&quot;heading_type&quot;:&quot;1&quot;,&quot;heading_size&quot;:&quot;0&quot;,&quot;heading_lineheight&quot;:&quot;0&quot;,&quot;heading_weight&quot;:&quot;0&quot;,&quot;heading_style&quot;:&quot;normal&quot;,&quot;heading_margin&quot;:&quot;0&quot;,&quot;heading_underline&quot;:&quot;off&quot;,&quot;heading_animate&quot;:&quot;none&quot;,&quot;heading_delay&quot;:&quot;&quot;},&quot;args&quot;:{&quot;before_widget&quot;:&quot;&lt;div id=\\&quot;panel-985-0-0-0\\&quot; class=\\&quot;so-panel widget widget_thinkup_builder_headingtheme thinkup_builder_headingtheme panel-first-child panel-last-child\\&quot; data-index=\\&quot;0\\&quot; data-style=\\&quot;{&amp;quot;background_image_attachment&amp;quot;:false,&amp;quot;background_display&amp;quot;:&amp;quot;tile&amp;quot;}\\&quot; &gt;&quot;,&quot;after_widget&quot;:&quot;&lt;\\\/div&gt;&quot;,&quot;before_title&quot;:&quot;&lt;h3 class=\\&quot;widget-title\\&quot;&gt;&quot;,&quot;after_title&quot;:&quot;&lt;\\\/h3&gt;&quot;,&quot;widget_id&quot;:&quot;widget-0-0-0&quot;}}\" \/>[\/siteorigin_widget]<\/div>\n<\/div>\n<\/div>\n<div id=\"pg-985-1\"  class=\"panel-grid panel-no-style\"  data-style=\"{&quot;background_image_attachment&quot;:false,&quot;background_display&quot;:&quot;tile&quot;,&quot;cell_alignment&quot;:&quot;flex-start&quot;}\"  data-ratio=\"1\"  data-ratio-direction=\"right\" >\n<div id=\"pgc-985-1-0\"  class=\"panel-grid-cell\"  data-weight=\"1\" >\n<div id=\"panel-985-1-0-0\" class=\"so-panel widget widget_sow-editor panel-first-child panel-last-child\" data-index=\"1\" data-style=\"{&quot;background_image_attachment&quot;:false,&quot;background_display&quot;:&quot;tile&quot;}\" >\n<div class=\"so-widget-sow-editor so-widget-sow-editor-base\">\n<div class=\"siteorigin-widget-tinymce textwidget\">\n\tHoy presentamos la capacidad que Infor LN, <strong>de forma nativa<\/strong>, tiene para gestionar agendas individuales y\/o conjuntas en entornos colaborativos, dicho de otra forma, las agendas del equipo o de la persona se \u201cconstruyen\u201d din\u00e1micamente con el conjunto de tareas que son asignadas por el resto de la organizaci\u00f3n. Uno de los ejemplos m\u00e1s claros de como la tecnolog\u00eda Infor permite mejorar la comunicaci\u00f3n de una empresa, reduci\u00e9ndose dr\u00e1sticamente el n\u00famero de mails y de reuniones. <strong>Mejora de la Eficiencia!<\/strong><\/p>\n<p>La gesti\u00f3n de agendas colaborativas en Infor LN, se basa en que cada responsable de departamento, (proyectos, SAT, Calidad, Compras, Comercial, \u2026.) , asigne al departamento y\/o empleado encargado de realizar la tarea que se requiere, en el mismo momento que se crea, consiguiendo centralizar toda la informaci\u00f3n sin incrementar las tareas administrativas asociadas. Algunos ejemplos que ilustran la potencia de este proceso de negocio son; creaci\u00f3n de actividades de un proyecto, registro de planes correctivos de los comit\u00e9s de calidad, registro de las reclamaciones a proveedores, registro de las tareas propias del seguimiento de proyecto, mantenimiento preventivo, \u2026, y todo esto visible para toda la compa\u00f1\u00eda en el mismo momento que se graba en el sistema, sin necesidad de enviar mails, convocar reuniones de seguimiento o sin necesidad de subir documentos a intranets &#8211; <em><strong>\u00bfsois capaces de imaginar el ahorro en tiempo? <\/strong><\/em><\/p>\n<p>El an\u00e1lisis de las tareas se puede realizar de forma jerarquizada, bien a nivel de persona o bien a nivel de equipo\u2026 y por supuesto, dividido en periodos temporales (d\u00edas, semanas o meses, \u2026)<\/p>\n<p><img loading=\"lazy\" decoding=\"async\" class=\"wp-image-988 aligncenter\" src=\"https:\/\/onenakconsulting.com\/wp-content\/uploads\/2018\/09\/LN_ResourceMngt_Ejemplo-300x80.png\" alt=\"\" width=\"653\" height=\"174\" srcset=\"https:\/\/onenakconsulting.com\/wp-content\/uploads\/2018\/09\/LN_ResourceMngt_Ejemplo-300x80.png 300w, https:\/\/onenakconsulting.com\/wp-content\/uploads\/2018\/09\/LN_ResourceMngt_Ejemplo-500x133.png 500w, https:\/\/onenakconsulting.com\/wp-content\/uploads\/2018\/09\/LN_ResourceMngt_Ejemplo-768x204.png 768w, https:\/\/onenakconsulting.com\/wp-content\/uploads\/2018\/09\/LN_ResourceMngt_Ejemplo-150x40.png 150w, https:\/\/onenakconsulting.com\/wp-content\/uploads\/2018\/09\/LN_ResourceMngt_Ejemplo-480x127.png 480w, https:\/\/onenakconsulting.com\/wp-content\/uploads\/2018\/09\/LN_ResourceMngt_Ejemplo-24x6.png 24w, https:\/\/onenakconsulting.com\/wp-content\/uploads\/2018\/09\/LN_ResourceMngt_Ejemplo-36x10.png 36w, https:\/\/onenakconsulting.com\/wp-content\/uploads\/2018\/09\/LN_ResourceMngt_Ejemplo-48x13.png 48w, https:\/\/onenakconsulting.com\/wp-content\/uploads\/2018\/09\/LN_ResourceMngt_Ejemplo.png 781w\" sizes=\"(max-width: 653px) 100vw, 653px\" \/><\/p>\n<p>&nbsp;<\/p>\n<p>De forma resumida, gracias a la <strong>gesti\u00f3n corporativa y centralizada de agendas<\/strong> de <strong>Infor LN<\/strong>, ser\u00e1 posible organizar toda la actividad r<strong>elacionada o no con el proceso productivo<\/strong> en una misma plataforma. La centralizaci\u00f3n de la informaci\u00f3n permitir\u00e1 que el seguimiento tambi\u00e9n sea centralizado, es decir, mayor visibilidad, mayor capacidad de an\u00e1lisis, mayor flexibilidad ante cambios. <strong>Mejora de la Eficiencia!<\/strong><\/p>\n<p>Principales ventajas que se obtienen de la implementaci\u00f3n de este proceso de negocio:<\/p>\n<p>&#8211;\u00a0\u00a0\u00a0\u00a0\u00a0\u00a0\u00a0\u00a0\u00a0Centralizaci\u00f3n de la informaci\u00f3n, lo que significar\u00e1 mejora de la <strong>eficiencia<\/strong><\/p>\n<p>&#8211;\u00a0\u00a0\u00a0\u00a0\u00a0\u00a0\u00a0\u00a0\u00a0Facilidad para el <strong>seguimiento<\/strong> de tareas y cumplimiento de <strong>deadlines<\/strong>.<\/p>\n<p>&#8211;\u00a0\u00a0\u00a0\u00a0\u00a0\u00a0\u00a0\u00a0\u00a0Reducci\u00f3n del tiempo de gesti\u00f3n interno, incrementar\u00e1 la <strong>eficacia<\/strong>.<\/p>\n<p>&#8211;\u00a0\u00a0\u00a0\u00a0\u00a0\u00a0\u00a0\u00a0\u00a0Facilidad de an\u00e1lisis de la carga de trabajo por departamento \/ equipo, lo que ayudar\u00e1 a evitar los <strong>cuellos de botella<\/strong>.<\/p>\n<p>No dude en contactarnos para pedir una demo adaptadas a la realidad de su empresa<\/p>\n<p>&nbsp;<\/p>\n<p>&nbsp;<\/p><\/div>\n<\/div>\n<\/div>\n<\/div>\n<\/div>\n<\/div>\n","protected":false},"excerpt":{"rendered":"<p>[siteorigin_widget class=&#8221;thinkup_builder_headingtheme&#8221;][\/siteorigin_widget] Hoy presentamos la capacidad que Infor LN, de forma nativa, tiene para gestionar agendas individuales y\/o conjuntas en entornos colaborativos, dicho de otra forma, las agendas del equipo o de la persona se \u201cconstruyen\u201d din\u00e1micamente con el conjunto de tareas que son asignadas por el resto de la organizaci\u00f3n. Uno de los ejemplos [&hellip;]<\/p>\n","protected":false},"author":1,"featured_media":987,"comment_status":"closed","ping_status":"closed","sticky":false,"template":"","format":"image","meta":{"_et_pb_use_builder":"","_et_pb_old_content":"","_et_gb_content_width":"","footnotes":""},"categories":[13,11],"tags":[],"class_list":["post-985","post","type-post","status-publish","format-image","has-post-thumbnail","hentry","category-blog","category-inforln","post_format-post-format-image"],"_links":{"self":[{"href":"https:\/\/onenakconsulting.com\/index.php\/wp-json\/wp\/v2\/posts\/985","targetHints":{"allow":["GET"]}}],"collection":[{"href":"https:\/\/onenakconsulting.com\/index.php\/wp-json\/wp\/v2\/posts"}],"about":[{"href":"https:\/\/onenakconsulting.com\/index.php\/wp-json\/wp\/v2\/types\/post"}],"author":[{"embeddable":true,"href":"https:\/\/onenakconsulting.com\/index.php\/wp-json\/wp\/v2\/users\/1"}],"replies":[{"embeddable":true,"href":"https:\/\/onenakconsulting.com\/index.php\/wp-json\/wp\/v2\/comments?post=985"}],"version-history":[{"count":2,"href":"https:\/\/onenakconsulting.com\/index.php\/wp-json\/wp\/v2\/posts\/985\/revisions"}],"predecessor-version":[{"id":989,"href":"https:\/\/onenakconsulting.com\/index.php\/wp-json\/wp\/v2\/posts\/985\/revisions\/989"}],"wp:featuredmedia":[{"embeddable":true,"href":"https:\/\/onenakconsulting.com\/index.php\/wp-json\/wp\/v2\/media\/987"}],"wp:attachment":[{"href":"https:\/\/onenakconsulting.com\/index.php\/wp-json\/wp\/v2\/media?parent=985"}],"wp:term":[{"taxonomy":"category","embeddable":true,"href":"https:\/\/onenakconsulting.com\/index.php\/wp-json\/wp\/v2\/categories?post=985"},{"taxonomy":"post_tag","embeddable":true,"href":"https:\/\/onenakconsulting.com\/index.php\/wp-json\/wp\/v2\/tags?post=985"}],"curies":[{"name":"wp","href":"https:\/\/api.w.org\/{rel}","templated":true}]}}